{"id":193,"date":"2011-01-29T18:33:10","date_gmt":"2011-01-29T16:33:10","guid":{"rendered":"http:\/\/www.wartauerwetter.ch\/content\/?p=193"},"modified":"2011-01-29T18:33:10","modified_gmt":"2011-01-29T16:33:10","slug":"jahresruckblick-2010","status":"publish","type":"post","link":"https:\/\/www.wartauerwetter.ch\/content\/?p=193","title":{"rendered":"Jahresr\u00fcckblick 2010"},"content":{"rendered":"<p>Um das Wetter im\u00a0 Jahr 2010 einzuordnen, vergleicht man es mit Werten aus fr\u00fcheren Jahren. Da die Wetterstation Oberschan aber erst seit dem 26. Mai 2008 in Betrieb ist, sind solche Vergleiche nicht besonders aussagekr\u00e4ftig. Deshalb wird in diesem R\u00fcckblick auch auf Daten der MeteoSchweiz-Wetterstation in Vaduz zur\u00fcckgegriffen, die \u00fcber langj\u00e4hrige Messreihen und somit auch \u00fcber Normwerte verf\u00fcgt.<\/p>\n<p><strong>TEMPERATUR<\/strong><\/p>\n<p>Die Mitteltemperatur des Jahres 2010 lag in Oberschan bei 8,7 Grad. Im Vergleich mit dem Mittel der Jahre 1961 bis 1990 gab es in der Region einen kleinen W\u00e4rme\u00fcberschuss von 0,7 Grad. Im Vergleich mit dem Vorjahr war es in Oberschan aber um genau 1 Grad k\u00fchler.<\/p>\n<p>Die h\u00f6chste Temperatur wurde am 10. Juli mit 32,7 Grad registriert. Dies ist seit bestehen der Station der absolute H\u00f6chstwert. Es gab 4 Hitzetage mit Temperaturen \u00fcber der 30-Grad-Marke und 35 Sommertage mit Temperaturen von 25 Grad und mehr. Auch 2 sogenannte Tropenn\u00e4chte wurden verzeichnet. Das sind N\u00e4chte, in denen es nicht unter 20 Grad abk\u00fchlt.<\/p>\n<p>Am k\u00e4ltesten war es am Morgen des 13. Februars mit -11,4 Grad. An insgesamt 96 Tagen gab es Tiefstwerte unter dem Gefrierpunkt (sogenannte Frosttage). Dies sind 15 Frosttage mehr als im Jahr 2009. An 39 Tagen blieb die Temperatur den ganzen Tag unter 0 Grad. Solche Eistage gab es im Vorjahr 25.<\/p>\n<p><strong>NIEDERSCHLAG<\/strong><\/p>\n<p>Im Jahr 2010 fiel total 982 mm Niederschlag. Im Vorjahr war es deutlich trockener mit 115 mm weniger Regen und Schnee. Im Vergleich mit dem langj\u00e4hrigen Mittel war der \u00dcberschuss aber gering, Vaduz registrierte 107 % vom Normwert. Am kr\u00e4ftigsten regnete es am 28. August mit rund 38 mm. An insgesamt 13 Tagen regnete es mehr als 20 mm. Sogenannte Regentage (mit &gt;0,9 mm Niederschlag) gab es 123, das heisst gemittelt \u00fcber das Jahr fiel an jedem 3. Tag Regen oder Schnee. Auch dies liegt etwa im Rahmen, im Mittel der Jahre 1961 bis 1990 hatten Sevelen pro Jahr 134 und Sargans 142 Regentage.<\/p>\n","protected":false},"excerpt":{"rendered":"<p>Um das Wetter im\u00a0 Jahr 2010 einzuordnen, vergleicht man es mit Werten aus fr\u00fcheren Jahren. Da die Wetterstation Oberschan aber erst seit dem 26. Mai 2008 in Betrieb ist, sind solche Vergleiche nicht besonders aussagekr\u00e4ftig. Deshalb wird in diesem R\u00fcckblick auch auf Daten der MeteoSchweiz-Wetterstation in Vaduz zur\u00fcckgegriffen, die \u00fcber langj\u00e4hrige Messreihen und somit auch [&hellip;]<\/p>\n","protected":false},"author":1,"featured_media":0,"comment_status":"closed","ping_status":"closed","sticky":false,"template":"","format":"standard","meta":{"footnotes":""},"categories":[1],"tags":[],"class_list":["post-193","post","type-post","status-publish","format-standard","hentry","category-uncategorized"],"_links":{"self":[{"href":"https:\/\/www.wartauerwetter.ch\/content\/index.php?rest_route=\/wp\/v2\/posts\/193","targetHints":{"allow":["GET"]}}],"collection":[{"href":"https:\/\/www.wartauerwetter.ch\/content\/index.php?rest_route=\/wp\/v2\/posts"}],"about":[{"href":"https:\/\/www.wartauerwetter.ch\/content\/index.php?rest_route=\/wp\/v2\/types\/post"}],"author":[{"embeddable":true,"href":"https:\/\/www.wartauerwetter.ch\/content\/index.php?rest_route=\/wp\/v2\/users\/1"}],"replies":[{"embeddable":true,"href":"https:\/\/www.wartauerwetter.ch\/content\/index.php?rest_route=%2Fwp%2Fv2%2Fcomments&post=193"}],"version-history":[{"count":3,"href":"https:\/\/www.wartauerwetter.ch\/content\/index.php?rest_route=\/wp\/v2\/posts\/193\/revisions"}],"predecessor-version":[{"id":196,"href":"https:\/\/www.wartauerwetter.ch\/content\/index.php?rest_route=\/wp\/v2\/posts\/193\/revisions\/196"}],"wp:attachment":[{"href":"https:\/\/www.wartauerwetter.ch\/content\/index.php?rest_route=%2Fwp%2Fv2%2Fmedia&parent=193"}],"wp:term":[{"taxonomy":"category","embeddable":true,"href":"https:\/\/www.wartauerwetter.ch\/content\/index.php?rest_route=%2Fwp%2Fv2%2Fcategories&post=193"},{"taxonomy":"post_tag","embeddable":true,"href":"https:\/\/www.wartauerwetter.ch\/content\/index.php?rest_route=%2Fwp%2Fv2%2Ftags&post=193"}],"curies":[{"name":"wp","href":"https:\/\/api.w.org\/{rel}","templated":true}]}}